{"id":2012,"date":"2025-05-26T12:29:39","date_gmt":"2025-05-26T10:29:39","guid":{"rendered":"https:\/\/ms-vilshofen.de\/?p=2012"},"modified":"2025-05-26T12:31:15","modified_gmt":"2025-05-26T10:31:15","slug":"nachhaltig-konsumieren-aber-wie","status":"publish","type":"post","link":"https:\/\/ms-vilshofen.de\/?p=2012","title":{"rendered":"Nachhaltig konsumieren! &#8211; aber wie?"},"content":{"rendered":"<p><div class=\"fusion-fullwidth fullwidth-box fusion-builder-row-1 fusion-flex-container nonhundred-percent-fullwidth non-hundred-percent-height-scrolling\" style=\"--awb-border-radius-top-left:0px;--awb-border-radius-top-right:0px;--awb-border-radius-bottom-right:0px;--awb-border-radius-bottom-left:0px;--awb-flex-wrap:wrap;\" ><div class=\"fusion-builder-row fusion-row fusion-flex-align-items-flex-start fusion-flex-content-wrap\" style=\"max-width:1248px;margin-left: calc(-4% \/ 2 );margin-right: calc(-4% \/ 2 );\"><div class=\"fusion-layout-column fusion_builder_column fusion-builder-column-0 fusion_builder_column_1_1 1_1 fusion-flex-column\" style=\"--awb-bg-size:cover;--awb-width-large:100%;--awb-margin-top-large:0px;--awb-spacing-right-large:1.92%;--awb-margin-bottom-large:0px;--awb-spacing-left-large:1.92%;--awb-width-medium:100%;--awb-spacing-right-medium:1.92%;--awb-spacing-left-medium:1.92%;--awb-width-small:100%;--awb-spacing-right-small:1.92%;--awb-spacing-left-small:1.92%;\"><div class=\"fusion-column-wrapper fusion-flex-justify-content-flex-start fusion-content-layout-column\"><div class=\"fusion-text fusion-text-1\"><h5>Beim Aktionstag Nachhaltiger Konsum verwandelte sich die Mittelschule Vilshofen in einen lebendigen Lernparcours rund um dieses bedeutsame Thema. Rund 170 Sch\u00fclerinnen und Sch\u00fcler der f\u00fcnften und sechsten Jahrgangsstufe begaben sich dabei an sechs Stationen auf eine Entdeckungsreise, die weit \u00fcber den Schulalltag hinausweist.<\/h5>\n<h5>An der ersten Station folgten sie unter Begleitung von Michael Freund der \u201eReise einer Jeans\u201c von den Baumwollfeldern in Asien und Afrika \u00fcber Fabrikhallen und Containerschiffe in Asien und Europa bis in ihren Kleiderschrank \u2013 und erkannten, wie Wasserverbrauch, Chemikalieneinsatz und Arbeitsbedingungen entlang der Produktionskette untrennbar miteinander verbunden sind, welch gro\u00dfer Ressourceneinsatz in der Textilproduktion erforderlich ist und dass die Lieferketten global vernetzt sind. Kleidung bewusst kaufen, diese l\u00e4nger tragen und anschlie\u00dfend einer Weiternutzung zur Verf\u00fcgung zu stellen (beispielsweise beim schulinternen Flohmarkt und Kleiderkreisel), sind Anregungen f\u00fcr das zuk\u00fcnftige Konsumverhalten.<\/h5>\n<h5>An der Station \u201eKakao \u2013 alles fair?\u201c erhielten die Kinder bei Katharina Uttenthaler Einblicke in die Kakaoproduktion und erkannten dadurch, welche Verantwortung hinter dem Schokoladengenuss steckt und dass das Labeling von Produkten bei einer Kaufentscheidung hilfreich sein kann.<\/h5>\n<h5>Auch das Thema Plastikm\u00fcll wurde an diesem Tag von verschiedenen Seiten beleuchtet. Bei Cornelia Zdralek vergegenw\u00e4rtigten sich die Sch\u00fclerinnen und Sch\u00fcler die negativen Auswirkungen von Plastik und erfuhren, wie sie die Entstehung von M\u00fcll reduzieren k\u00f6nnen.<\/h5>\n<h5>Anschlie\u00dfend ermittelten die Kinder bei Angelika Burger ihren \u00f6kologischen Fu\u00dfabdruck und somit ihren pers\u00f6nlichen Ressourcenverbrauch. Sie sammelten gemeinsam Ideen, wie sich im Alltag etwa beim Essen, Wohnen oder auf dem Schulweg nachhaltige Alternativen umsetzen lassen.<\/h5>\n<h5>Am Beispiel der Banane wurde an der Station von Susanne Anetseder deutlich, dass Konsumentscheidungen globale Handelsstr\u00f6me und Arbeitsbedingungen beeinflussen. Die Kinder erfuhren, inwieweit Siegel und kurze Lieferketten fairere Bedingungen schaffen k\u00f6nnen.<\/h5>\n<h5>Die abschlie\u00dfende Station unter Betreuung von Emma M\u00fcller besch\u00e4ftigte sich mit Kleidung und Kinderrechten: Auf Grundlage eines Fallbeispiels erfuhren die Lernenden, dass in vielen Textilfabriken weltweit noch immer Kinderarbeit stattfindet. Die Lerngruppen diskutierten in diesem Kontext \u00fcber die Kinderrechte \u201eRecht auf Bildung\u201c und \u201eRecht auf Freizeit\u201c.<\/h5>\n<h5>Der Aktionstag Nachhaltiger Konsum hat nicht nur Wissen vermittelt, sondern Begeisterung f\u00fcr pro-\u00f6kologisches Handeln geweckt, auf bereits bestehend schulische Nachhaltigkeitsangebote verwiesen (z.B. Flohmarkt, Kleiderkreisel, B\u00fcchertauschb\u00f6rse) und einen weiteren Grundstein gelegt f\u00fcr zuk\u00fcnftige BNE-Schulprojekte. So versucht die Mittelschule Sankt Georg ihrem Anspruch gerecht zu werden, junge Menschen zu bef\u00e4higen, unsere Welt verantwortungsvoll mitzugestalten.<\/h5>\n<\/div><\/div><\/div><\/div><\/div><div class=\"fusion-fullwidth fullwidth-box fusion-builder-row-2 fusion-flex-container has-pattern-background has-mask-background nonhundred-percent-fullwidth non-hundred-percent-height-scrolling\" style=\"--awb-border-radius-top-left:0px;--awb-border-radius-top-right:0px;--awb-border-radius-bottom-right:0px;--awb-border-radius-bottom-left:0px;--awb-flex-wrap:wrap;\" ><div class=\"fusion-builder-row fusion-row fusion-flex-align-items-flex-start fusion-flex-content-wrap\" style=\"max-width:1248px;margin-left: calc(-4% \/ 2 );margin-right: calc(-4% \/ 2 );\"><div class=\"fusion-layout-column fusion_builder_column fusion-builder-column-1 fusion_builder_column_1_1 1_1 fusion-flex-column\" style=\"--awb-bg-size:cover;--awb-width-large:100%;--awb-margin-top-large:0px;--awb-spacing-right-large:1.92%;--awb-margin-bottom-large:20px;--awb-spacing-left-large:1.92%;--awb-width-medium:100%;--awb-order-medium:0;--awb-spacing-right-medium:1.92%;--awb-spacing-left-medium:1.92%;--awb-width-small:100%;--awb-order-small:0;--awb-spacing-right-small:1.92%;--awb-spacing-left-small:1.92%;\"><div class=\"fusion-column-wrapper fusion-column-has-shadow fusion-flex-justify-content-flex-start fusion-content-layout-column\"><div class=\"awb-gallery-wrapper awb-gallery-wrapper-1 button-span-no\" style=\"--more-btn-alignment:center;\"><div style=\"margin:-5px;--awb-bordersize:0px;\" class=\"fusion-gallery fusion-gallery-container fusion-grid-3 fusion-columns-total-5 fusion-gallery-layout-grid fusion-gallery-1\"><div style=\"padding:5px;\" class=\"fusion-grid-column fusion-gallery-column fusion-gallery-column-3 hover-type-none\"><div class=\"fusion-gallery-image\"><a href=\"https:\/\/ms-vilshofen.de\/wp-content\/uploads\/2025\/05\/Pressefoto_AktionstagNachhaltigerKonsum_2025_05_21_Bild_4.jpg\" rel=\"noreferrer\" data-rel=\"iLightbox[gallery_image_1]\" class=\"fusion-lightbox\" target=\"_self\"><img decoding=\"async\" src=\"https:\/\/ms-vilshofen.de\/wp-content\/uploads\/2025\/05\/Pressefoto_AktionstagNachhaltigerKonsum_2025_05_21_Bild_4.jpg\" width=\"1920\" height=\"1440\" alt=\"\" title=\"Pressefoto_AktionstagNachhaltigerKonsum_2025_05_21_Bild_4\" aria-label=\"Pressefoto_AktionstagNachhaltigerKonsum_2025_05_21_Bild_4\" class=\"img-responsive wp-image-2013\" srcset=\"https:\/\/ms-vilshofen.de\/wp-content\/uploads\/2025\/05\/Pressefoto_AktionstagNachhaltigerKonsum_2025_05_21_Bild_4-200x150.jpg 200w, https:\/\/ms-vilshofen.de\/wp-content\/uploads\/2025\/05\/Pressefoto_AktionstagNachhaltigerKonsum_2025_05_21_Bild_4-400x300.jpg 400w, https:\/\/ms-vilshofen.de\/wp-content\/uploads\/2025\/05\/Pressefoto_AktionstagNachhaltigerKonsum_2025_05_21_Bild_4-600x450.jpg 600w, https:\/\/ms-vilshofen.de\/wp-content\/uploads\/2025\/05\/Pressefoto_AktionstagNachhaltigerKonsum_2025_05_21_Bild_4-800x600.jpg 800w, https:\/\/ms-vilshofen.de\/wp-content\/uploads\/2025\/05\/Pressefoto_AktionstagNachhaltigerKonsum_2025_05_21_Bild_4-1200x900.jpg 1200w, https:\/\/ms-vilshofen.de\/wp-content\/uploads\/2025\/05\/Pressefoto_AktionstagNachhaltigerKonsum_2025_05_21_Bild_4.jpg 1920w\" sizes=\"(min-width: 2200px) 100vw, (min-width: 784px) 397px, (min-width: 712px) 595px, (min-width: 640px) 712px, \" \/><\/a><\/div><\/div><div style=\"padding:5px;\" class=\"fusion-grid-column fusion-gallery-column fusion-gallery-column-3 hover-type-none\"><div class=\"fusion-gallery-image\"><a href=\"https:\/\/ms-vilshofen.de\/wp-content\/uploads\/2025\/05\/Pressefoto_AktionstagNachhaltigerKonsum_2025_05_21_Bild_3.jpg\" rel=\"noreferrer\" data-rel=\"iLightbox[gallery_image_1]\" class=\"fusion-lightbox\" target=\"_self\"><img decoding=\"async\" src=\"https:\/\/ms-vilshofen.de\/wp-content\/uploads\/2025\/05\/Pressefoto_AktionstagNachhaltigerKonsum_2025_05_21_Bild_3.jpg\" width=\"1920\" height=\"1440\" alt=\"\" title=\"Pressefoto_AktionstagNachhaltigerKonsum_2025_05_21_Bild_3\" aria-label=\"Pressefoto_AktionstagNachhaltigerKonsum_2025_05_21_Bild_3\" class=\"img-responsive wp-image-2014\" srcset=\"https:\/\/ms-vilshofen.de\/wp-content\/uploads\/2025\/05\/Pressefoto_AktionstagNachhaltigerKonsum_2025_05_21_Bild_3-200x150.jpg 200w, https:\/\/ms-vilshofen.de\/wp-content\/uploads\/2025\/05\/Pressefoto_AktionstagNachhaltigerKonsum_2025_05_21_Bild_3-400x300.jpg 400w, https:\/\/ms-vilshofen.de\/wp-content\/uploads\/2025\/05\/Pressefoto_AktionstagNachhaltigerKonsum_2025_05_21_Bild_3-600x450.jpg 600w, https:\/\/ms-vilshofen.de\/wp-content\/uploads\/2025\/05\/Pressefoto_AktionstagNachhaltigerKonsum_2025_05_21_Bild_3-800x600.jpg 800w, https:\/\/ms-vilshofen.de\/wp-content\/uploads\/2025\/05\/Pressefoto_AktionstagNachhaltigerKonsum_2025_05_21_Bild_3-1200x900.jpg 1200w, https:\/\/ms-vilshofen.de\/wp-content\/uploads\/2025\/05\/Pressefoto_AktionstagNachhaltigerKonsum_2025_05_21_Bild_3.jpg 1920w\" sizes=\"(min-width: 2200px) 100vw, (min-width: 784px) 397px, (min-width: 712px) 595px, (min-width: 640px) 712px, \" \/><\/a><\/div><\/div><div style=\"padding:5px;\" class=\"fusion-grid-column fusion-gallery-column fusion-gallery-column-3 hover-type-none\"><div class=\"fusion-gallery-image\"><a href=\"https:\/\/ms-vilshofen.de\/wp-content\/uploads\/2025\/05\/Pressefoto_AktionstagNachhaltigerKonsum_2025_05_21_Bild_5.jpeg\" rel=\"noreferrer\" data-rel=\"iLightbox[gallery_image_1]\" class=\"fusion-lightbox\" target=\"_self\"><img decoding=\"async\" src=\"https:\/\/ms-vilshofen.de\/wp-content\/uploads\/2025\/05\/Pressefoto_AktionstagNachhaltigerKonsum_2025_05_21_Bild_5.jpeg\" width=\"1440\" height=\"1920\" alt=\"\" title=\"Pressefoto_AktionstagNachhaltigerKonsum_2025_05_21_Bild_5\" aria-label=\"Pressefoto_AktionstagNachhaltigerKonsum_2025_05_21_Bild_5\" class=\"img-responsive wp-image-2015\" srcset=\"https:\/\/ms-vilshofen.de\/wp-content\/uploads\/2025\/05\/Pressefoto_AktionstagNachhaltigerKonsum_2025_05_21_Bild_5-200x267.jpeg 200w, https:\/\/ms-vilshofen.de\/wp-content\/uploads\/2025\/05\/Pressefoto_AktionstagNachhaltigerKonsum_2025_05_21_Bild_5-400x533.jpeg 400w, https:\/\/ms-vilshofen.de\/wp-content\/uploads\/2025\/05\/Pressefoto_AktionstagNachhaltigerKonsum_2025_05_21_Bild_5-600x800.jpeg 600w, https:\/\/ms-vilshofen.de\/wp-content\/uploads\/2025\/05\/Pressefoto_AktionstagNachhaltigerKonsum_2025_05_21_Bild_5-800x1067.jpeg 800w, https:\/\/ms-vilshofen.de\/wp-content\/uploads\/2025\/05\/Pressefoto_AktionstagNachhaltigerKonsum_2025_05_21_Bild_5-1200x1600.jpeg 1200w, https:\/\/ms-vilshofen.de\/wp-content\/uploads\/2025\/05\/Pressefoto_AktionstagNachhaltigerKonsum_2025_05_21_Bild_5.jpeg 1440w\" sizes=\"(min-width: 2200px) 100vw, (min-width: 784px) 397px, (min-width: 712px) 595px, (min-width: 640px) 712px, \" \/><\/a><\/div><\/div><div class=\"clearfix\"><\/div><div style=\"padding:5px;\" class=\"fusion-grid-column fusion-gallery-column fusion-gallery-column-3 hover-type-none\"><div class=\"fusion-gallery-image\"><a href=\"https:\/\/ms-vilshofen.de\/wp-content\/uploads\/2025\/05\/Pressefoto_AktionstagNachhaltigerKonsum_2025_05_21_Bild_1.jpg\" rel=\"noreferrer\" data-rel=\"iLightbox[gallery_image_1]\" class=\"fusion-lightbox\" target=\"_self\"><img decoding=\"async\" src=\"https:\/\/ms-vilshofen.de\/wp-content\/uploads\/2025\/05\/Pressefoto_AktionstagNachhaltigerKonsum_2025_05_21_Bild_1.jpg\" width=\"1920\" height=\"1440\" alt=\"\" title=\"Pressefoto_AktionstagNachhaltigerKonsum_2025_05_21_Bild_1\" aria-label=\"Pressefoto_AktionstagNachhaltigerKonsum_2025_05_21_Bild_1\" class=\"img-responsive wp-image-2017\" srcset=\"https:\/\/ms-vilshofen.de\/wp-content\/uploads\/2025\/05\/Pressefoto_AktionstagNachhaltigerKonsum_2025_05_21_Bild_1-200x150.jpg 200w, https:\/\/ms-vilshofen.de\/wp-content\/uploads\/2025\/05\/Pressefoto_AktionstagNachhaltigerKonsum_2025_05_21_Bild_1-400x300.jpg 400w, https:\/\/ms-vilshofen.de\/wp-content\/uploads\/2025\/05\/Pressefoto_AktionstagNachhaltigerKonsum_2025_05_21_Bild_1-600x450.jpg 600w, https:\/\/ms-vilshofen.de\/wp-content\/uploads\/2025\/05\/Pressefoto_AktionstagNachhaltigerKonsum_2025_05_21_Bild_1-800x600.jpg 800w, https:\/\/ms-vilshofen.de\/wp-content\/uploads\/2025\/05\/Pressefoto_AktionstagNachhaltigerKonsum_2025_05_21_Bild_1-1200x900.jpg 1200w, https:\/\/ms-vilshofen.de\/wp-content\/uploads\/2025\/05\/Pressefoto_AktionstagNachhaltigerKonsum_2025_05_21_Bild_1.jpg 1920w\" sizes=\"(min-width: 2200px) 100vw, (min-width: 784px) 397px, (min-width: 712px) 595px, (min-width: 640px) 712px, \" \/><\/a><\/div><\/div><div style=\"padding:5px;\" class=\"fusion-grid-column fusion-gallery-column fusion-gallery-column-3 hover-type-none\"><div class=\"fusion-gallery-image\"><a href=\"https:\/\/ms-vilshofen.de\/wp-content\/uploads\/2025\/05\/Pressefoto_AktionstagNachhaltigerKonsum_2025_05_21_Bild_2.jpeg\" rel=\"noreferrer\" data-rel=\"iLightbox[gallery_image_1]\" class=\"fusion-lightbox\" target=\"_self\"><img decoding=\"async\" src=\"https:\/\/ms-vilshofen.de\/wp-content\/uploads\/2025\/05\/Pressefoto_AktionstagNachhaltigerKonsum_2025_05_21_Bild_2.jpeg\" width=\"1920\" height=\"1440\" alt=\"\" title=\"Pressefoto_AktionstagNachhaltigerKonsum_2025_05_21_Bild_2\" aria-label=\"Pressefoto_AktionstagNachhaltigerKonsum_2025_05_21_Bild_2\" class=\"img-responsive wp-image-2016\" srcset=\"https:\/\/ms-vilshofen.de\/wp-content\/uploads\/2025\/05\/Pressefoto_AktionstagNachhaltigerKonsum_2025_05_21_Bild_2-200x150.jpeg 200w, https:\/\/ms-vilshofen.de\/wp-content\/uploads\/2025\/05\/Pressefoto_AktionstagNachhaltigerKonsum_2025_05_21_Bild_2-400x300.jpeg 400w, https:\/\/ms-vilshofen.de\/wp-content\/uploads\/2025\/05\/Pressefoto_AktionstagNachhaltigerKonsum_2025_05_21_Bild_2-600x450.jpeg 600w, https:\/\/ms-vilshofen.de\/wp-content\/uploads\/2025\/05\/Pressefoto_AktionstagNachhaltigerKonsum_2025_05_21_Bild_2-800x600.jpeg 800w, https:\/\/ms-vilshofen.de\/wp-content\/uploads\/2025\/05\/Pressefoto_AktionstagNachhaltigerKonsum_2025_05_21_Bild_2-1200x900.jpeg 1200w, https:\/\/ms-vilshofen.de\/wp-content\/uploads\/2025\/05\/Pressefoto_AktionstagNachhaltigerKonsum_2025_05_21_Bild_2.jpeg 1920w\" sizes=\"(min-width: 2200px) 100vw, (min-width: 784px) 397px, (min-width: 712px) 595px, (min-width: 640px) 712px, \" \/><\/a><\/div><\/div><\/div><\/div><\/div><\/div><\/div><\/div><\/p>\n","protected":false},"excerpt":{"rendered":"","protected":false},"author":1,"featured_media":2014,"comment_status":"open","ping_status":"open","sticky":false,"template":"","format":"gallery","meta":{"footnotes":""},"categories":[1],"tags":[],"class_list":["post-2012","post","type-post","status-publish","format-gallery","has-post-thumbnail","hentry","category-uncategorized","post_format-post-format-gallery"],"_links":{"self":[{"href":"https:\/\/ms-vilshofen.de\/index.php?rest_route=\/wp\/v2\/posts\/2012","targetHints":{"allow":["GET"]}}],"collection":[{"href":"https:\/\/ms-vilshofen.de\/index.php?rest_route=\/wp\/v2\/posts"}],"about":[{"href":"https:\/\/ms-vilshofen.de\/index.php?rest_route=\/wp\/v2\/types\/post"}],"author":[{"embeddable":true,"href":"https:\/\/ms-vilshofen.de\/index.php?rest_route=\/wp\/v2\/users\/1"}],"replies":[{"embeddable":true,"href":"https:\/\/ms-vilshofen.de\/index.php?rest_route=%2Fwp%2Fv2%2Fcomments&post=2012"}],"version-history":[{"count":2,"href":"https:\/\/ms-vilshofen.de\/index.php?rest_route=\/wp\/v2\/posts\/2012\/revisions"}],"predecessor-version":[{"id":2019,"href":"https:\/\/ms-vilshofen.de\/index.php?rest_route=\/wp\/v2\/posts\/2012\/revisions\/2019"}],"wp:featuredmedia":[{"embeddable":true,"href":"https:\/\/ms-vilshofen.de\/index.php?rest_route=\/wp\/v2\/media\/2014"}],"wp:attachment":[{"href":"https:\/\/ms-vilshofen.de\/index.php?rest_route=%2Fwp%2Fv2%2Fmedia&parent=2012"}],"wp:term":[{"taxonomy":"category","embeddable":true,"href":"https:\/\/ms-vilshofen.de\/index.php?rest_route=%2Fwp%2Fv2%2Fcategories&post=2012"},{"taxonomy":"post_tag","embeddable":true,"href":"https:\/\/ms-vilshofen.de\/index.php?rest_route=%2Fwp%2Fv2%2Ftags&post=2012"}],"curies":[{"name":"wp","href":"https:\/\/api.w.org\/{rel}","templated":true}]}}