{"id":1964,"date":"2025-04-29T20:04:09","date_gmt":"2025-04-29T18:04:09","guid":{"rendered":"https:\/\/ms-vilshofen.de\/?p=1964"},"modified":"2025-04-29T20:04:09","modified_gmt":"2025-04-29T18:04:09","slug":"voroesterliche-andacht-zeit-zum-wachsen","status":"publish","type":"post","link":"https:\/\/ms-vilshofen.de\/?p=1964","title":{"rendered":"Vor\u00f6sterliche Andacht &#8222;Zeit zum Wachsen&#8220;"},"content":{"rendered":"<p><div class=\"fusion-fullwidth fullwidth-box fusion-builder-row-1 fusion-flex-container nonhundred-percent-fullwidth non-hundred-percent-height-scrolling\" style=\"--awb-border-radius-top-left:0px;--awb-border-radius-top-right:0px;--awb-border-radius-bottom-right:0px;--awb-border-radius-bottom-left:0px;--awb-flex-wrap:wrap;\" ><div class=\"fusion-builder-row fusion-row fusion-flex-align-items-flex-start fusion-flex-content-wrap\" style=\"max-width:1248px;margin-left: calc(-4% \/ 2 );margin-right: calc(-4% \/ 2 );\"><div class=\"fusion-layout-column fusion_builder_column fusion-builder-column-0 fusion_builder_column_1_1 1_1 fusion-flex-column\" style=\"--awb-bg-size:cover;--awb-width-large:100%;--awb-margin-top-large:0px;--awb-spacing-right-large:1.92%;--awb-margin-bottom-large:0px;--awb-spacing-left-large:1.92%;--awb-width-medium:100%;--awb-spacing-right-medium:1.92%;--awb-spacing-left-medium:1.92%;--awb-width-small:100%;--awb-spacing-right-small:1.92%;--awb-spacing-left-small:1.92%;\"><div class=\"fusion-column-wrapper fusion-flex-justify-content-flex-start fusion-content-layout-column\"><div class=\"fusion-text fusion-text-1\"><h5>Am letzten Schultag vor den Osterferien luden die beiden Religionslehrerinnen Katharina Uttenthaler und Conny Zdralek die gesamte Schulfamilie zu einer vor\u00f6sterlichen Andacht in die Mensa ein. Musikalisch sehr stimmig umrahmt wurde die Andacht unter der Leitung von Bettina Barreto von Sch\u00fclern und Sch\u00fclerinnen aus den Jahrgangsstufen 5 und 9 sowie von Frau Lohr am Fl\u00fcgel.\u00a0 Die Andacht trug den Titel \u201eZeit zum Wachsen\u201c. Dieser Gedanke wurde in der alttestamentlichen Lesung aus dem Buch Kohelet aufgegriffen, in der es darum ging, dass es f\u00fcr jedes Geschehen im Leben eines Menschen eine bestimmte Zeit gibt. Die beiden Religionslehrerinnen erz\u00e4hlten den Jugendlichen anschlie\u00dfend eine Geschichte von einem Weizenkorn, das nicht ausges\u00e4t werden m\u00f6chte und deshalb keine Frucht bringen kann. Frau Uttenthaler verdeutlichte allen Anwesenden symbolisch durch die Geschichte, dass gerade am Osterfest in Jesu Tod neues Leben und die Auferstehungshoffnung liegt. Diesen Impuls durften die Klassensprecher nachgehen, indem sie f\u00fcr ihre Klasse eine Sonnenblume pflanzten. Diese soll in den Klassenzimmern wachsen und alle Sch\u00fclerinnen und Sch\u00fcler an das Geschenk des Lebens erinnern.<\/h5>\n<h5><\/h5>\n<\/div><\/div><\/div><\/div><\/div><div class=\"fusion-fullwidth fullwidth-box fusion-builder-row-2 fusion-flex-container has-pattern-background has-mask-background nonhundred-percent-fullwidth non-hundred-percent-height-scrolling\" style=\"--awb-border-radius-top-left:0px;--awb-border-radius-top-right:0px;--awb-border-radius-bottom-right:0px;--awb-border-radius-bottom-left:0px;--awb-flex-wrap:wrap;\" ><div class=\"fusion-builder-row fusion-row fusion-flex-align-items-flex-start fusion-flex-content-wrap\" style=\"max-width:1248px;margin-left: calc(-4% \/ 2 );margin-right: calc(-4% \/ 2 );\"><div class=\"fusion-layout-column fusion_builder_column fusion-builder-column-1 fusion_builder_column_1_1 1_1 fusion-flex-column\" style=\"--awb-bg-size:cover;--awb-width-large:100%;--awb-margin-top-large:0px;--awb-spacing-right-large:1.92%;--awb-margin-bottom-large:20px;--awb-spacing-left-large:1.92%;--awb-width-medium:100%;--awb-order-medium:0;--awb-spacing-right-medium:1.92%;--awb-spacing-left-medium:1.92%;--awb-width-small:100%;--awb-order-small:0;--awb-spacing-right-small:1.92%;--awb-spacing-left-small:1.92%;\"><div class=\"fusion-column-wrapper fusion-column-has-shadow fusion-flex-justify-content-flex-start fusion-content-layout-column\"><div class=\"awb-gallery-wrapper awb-gallery-wrapper-1 button-span-no\" style=\"--more-btn-alignment:center;\"><div style=\"margin:-5px;--awb-bordersize:0px;\" class=\"fusion-gallery fusion-gallery-container fusion-grid-3 fusion-columns-total-1 fusion-gallery-layout-grid fusion-gallery-1\"><div style=\"padding:5px;\" class=\"fusion-grid-column fusion-gallery-column fusion-gallery-column-3 hover-type-none\"><div class=\"fusion-gallery-image\"><a href=\"https:\/\/ms-vilshofen.de\/wp-content\/uploads\/2025\/04\/20250429_160118-1.jpg\" rel=\"noreferrer\" data-rel=\"iLightbox[gallery_image_1]\" class=\"fusion-lightbox\" target=\"_self\"><img decoding=\"async\" src=\"https:\/\/ms-vilshofen.de\/wp-content\/uploads\/2025\/04\/20250429_160118-1.jpg\" width=\"1920\" height=\"1440\" alt=\"\" title=\"20250429_160118 (1)\" aria-label=\"20250429_160118 (1)\" class=\"img-responsive wp-image-1966\" srcset=\"https:\/\/ms-vilshofen.de\/wp-content\/uploads\/2025\/04\/20250429_160118-1-200x150.jpg 200w, https:\/\/ms-vilshofen.de\/wp-content\/uploads\/2025\/04\/20250429_160118-1-400x300.jpg 400w, https:\/\/ms-vilshofen.de\/wp-content\/uploads\/2025\/04\/20250429_160118-1-600x450.jpg 600w, https:\/\/ms-vilshofen.de\/wp-content\/uploads\/2025\/04\/20250429_160118-1-800x600.jpg 800w, https:\/\/ms-vilshofen.de\/wp-content\/uploads\/2025\/04\/20250429_160118-1-1200x900.jpg 1200w, https:\/\/ms-vilshofen.de\/wp-content\/uploads\/2025\/04\/20250429_160118-1.jpg 1920w\" sizes=\"(min-width: 2200px) 100vw, (min-width: 784px) 397px, (min-width: 712px) 595px, (min-width: 640px) 712px, \" \/><\/a><\/div><\/div><\/div><\/div><\/div><\/div><\/div><\/div><\/p>\n","protected":false},"excerpt":{"rendered":"","protected":false},"author":1,"featured_media":1966,"comment_status":"open","ping_status":"open","sticky":false,"template":"","format":"gallery","meta":{"footnotes":""},"categories":[1],"tags":[],"class_list":["post-1964","post","type-post","status-publish","format-gallery","has-post-thumbnail","hentry","category-uncategorized","post_format-post-format-gallery"],"_links":{"self":[{"href":"https:\/\/ms-vilshofen.de\/index.php?rest_route=\/wp\/v2\/posts\/1964","targetHints":{"allow":["GET"]}}],"collection":[{"href":"https:\/\/ms-vilshofen.de\/index.php?rest_route=\/wp\/v2\/posts"}],"about":[{"href":"https:\/\/ms-vilshofen.de\/index.php?rest_route=\/wp\/v2\/types\/post"}],"author":[{"embeddable":true,"href":"https:\/\/ms-vilshofen.de\/index.php?rest_route=\/wp\/v2\/users\/1"}],"replies":[{"embeddable":true,"href":"https:\/\/ms-vilshofen.de\/index.php?rest_route=%2Fwp%2Fv2%2Fcomments&post=1964"}],"version-history":[{"count":1,"href":"https:\/\/ms-vilshofen.de\/index.php?rest_route=\/wp\/v2\/posts\/1964\/revisions"}],"predecessor-version":[{"id":1967,"href":"https:\/\/ms-vilshofen.de\/index.php?rest_route=\/wp\/v2\/posts\/1964\/revisions\/1967"}],"wp:featuredmedia":[{"embeddable":true,"href":"https:\/\/ms-vilshofen.de\/index.php?rest_route=\/wp\/v2\/media\/1966"}],"wp:attachment":[{"href":"https:\/\/ms-vilshofen.de\/index.php?rest_route=%2Fwp%2Fv2%2Fmedia&parent=1964"}],"wp:term":[{"taxonomy":"category","embeddable":true,"href":"https:\/\/ms-vilshofen.de\/index.php?rest_route=%2Fwp%2Fv2%2Fcategories&post=1964"},{"taxonomy":"post_tag","embeddable":true,"href":"https:\/\/ms-vilshofen.de\/index.php?rest_route=%2Fwp%2Fv2%2Ftags&post=1964"}],"curies":[{"name":"wp","href":"https:\/\/api.w.org\/{rel}","templated":true}]}}