{"id":1327,"date":"2024-04-25T15:02:31","date_gmt":"2024-04-25T13:02:31","guid":{"rendered":"https:\/\/ms-vilshofen.de\/?p=1327"},"modified":"2024-04-25T15:02:31","modified_gmt":"2024-04-25T13:02:31","slug":"welttag-des-buches","status":"publish","type":"post","link":"https:\/\/ms-vilshofen.de\/?p=1327","title":{"rendered":"Welttag des Buches"},"content":{"rendered":"<p><div class=\"fusion-fullwidth fullwidth-box fusion-builder-row-1 fusion-flex-container nonhundred-percent-fullwidth non-hundred-percent-height-scrolling\" style=\"--awb-border-radius-top-left:0px;--awb-border-radius-top-right:0px;--awb-border-radius-bottom-right:0px;--awb-border-radius-bottom-left:0px;--awb-flex-wrap:wrap;\" ><div class=\"fusion-builder-row fusion-row fusion-flex-align-items-flex-start fusion-flex-content-wrap\" style=\"max-width:1248px;margin-left: calc(-4% \/ 2 );margin-right: calc(-4% \/ 2 );\"><div class=\"fusion-layout-column fusion_builder_column fusion-builder-column-0 fusion_builder_column_1_1 1_1 fusion-flex-column\" style=\"--awb-bg-size:cover;--awb-width-large:100%;--awb-margin-top-large:0px;--awb-spacing-right-large:1.92%;--awb-margin-bottom-large:0px;--awb-spacing-left-large:1.92%;--awb-width-medium:100%;--awb-spacing-right-medium:1.92%;--awb-spacing-left-medium:1.92%;--awb-width-small:100%;--awb-spacing-right-small:1.92%;--awb-spacing-left-small:1.92%;\"><div class=\"fusion-column-wrapper fusion-flex-justify-content-flex-start fusion-content-layout-column\"><div class=\"fusion-text fusion-text-1\"><\/div><div class=\"fusion-text fusion-text-2\"><p><strong>B\u00fccher &#8211;\u00a0Mehr als ein Geschenk!\u00a0<\/strong><\/p>\n<p>Bundesweit erhalten \u00fcber eine Million Sch\u00fclerinnen und Sch\u00fcler der vierten und f\u00fcnften Klasse anl\u00e4sslich des \u201eWelttag des Buches\u201c den Comicroman \u201eMission Roboter: Ein spannender Fall f\u00fcr die Gl\u00fccksagentur\u201c. 700 B\u00fccher davon verschenkt die Buchhandlung Kirmse\u00a0an angemeldete Schulkinder im Raum Vilshofen. Die Klasse 5c-gt\u00a0der Mittelschule St. Georg z\u00e4hlt\u00a0zu der Gruppe der Beschenkten. Bei der bundesweit\u00a0gr\u00f6\u00dften Lesef\u00f6rderungsaktion \u201eIch schenk dir eine Geschichte\u201c zum Welttag des Buches\u201c am 23.April 2024 besuchte die Klasse 5c-gt nach vorheriger Anmeldung durch die Lehrerin Frau Kathi\u00a0Uttenthaler zusammen mit der Leiterin der OGS, Frau Agnes Cybulski, die Buchhandlung Kirmse am Stadtplatz Vilshofen. Pers\u00f6nlich f\u00fchrte\u00a0Herr Stockinger durch seinen Buchladen und lie\u00df die Kinder in die literarische Erlebniswelt eintauchen. Er erl\u00e4uterte beispielsweise den Unterschied zwischen gebundenem Buch und Taschenbuch, dass man Mangas r\u00fcckw\u00e4rts liest, das vielf\u00e4ltige Spektrum\u00a0an schulischen\u00a0\u00dcbungsheften und die M\u00f6glichkeiten\u00a0von\u00a0Booktok. Zudem zeigte er auf, wie praktisch es ist, dass man bis 17 Uhr eine Buchbestellung entweder bei ihm im Laden oder auf der Website machen kann und dann das Buch portofrei bereits\u00a0am n\u00e4chsten Tag bei der Buchhandlung Kirmse abholen kann! Besonders sch\u00e4tzten die Mittelsch\u00fcler das pers\u00f6nliche Gespr\u00e4ch mit dem Buchh\u00e4ndler, das Schm\u00f6kern im vielf\u00e4ltigen Buchangebot\u00a0und die Wohlf\u00fchl-Atmosph\u00e4re im Gesch\u00e4ft. Freudig und mit der neuen (Klassen-)Lekt\u00fcre in der Hand ging es dann am Vormittag zur\u00fcck an die Mittelschule in den Unterricht.<\/p>\n<\/div><\/div><\/div><\/div><\/div><div class=\"fusion-fullwidth fullwidth-box fusion-builder-row-2 fusion-flex-container has-pattern-background has-mask-background nonhundred-percent-fullwidth non-hundred-percent-height-scrolling\" style=\"--awb-border-radius-top-left:0px;--awb-border-radius-top-right:0px;--awb-border-radius-bottom-right:0px;--awb-border-radius-bottom-left:0px;--awb-flex-wrap:wrap;\" ><div class=\"fusion-builder-row fusion-row fusion-flex-align-items-flex-start fusion-flex-content-wrap\" style=\"max-width:1248px;margin-left: calc(-4% \/ 2 );margin-right: calc(-4% \/ 2 );\"><div class=\"fusion-layout-column fusion_builder_column fusion-builder-column-1 fusion_builder_column_1_1 1_1 fusion-flex-column\" style=\"--awb-bg-size:cover;--awb-width-large:100%;--awb-margin-top-large:0px;--awb-spacing-right-large:1.92%;--awb-margin-bottom-large:20px;--awb-spacing-left-large:1.92%;--awb-width-medium:100%;--awb-order-medium:0;--awb-spacing-right-medium:1.92%;--awb-spacing-left-medium:1.92%;--awb-width-small:100%;--awb-order-small:0;--awb-spacing-right-small:1.92%;--awb-spacing-left-small:1.92%;\"><div class=\"fusion-column-wrapper fusion-column-has-shadow fusion-flex-justify-content-flex-start fusion-content-layout-column\"><div class=\"awb-gallery-wrapper awb-gallery-wrapper-1 button-span-no\" style=\"--more-btn-alignment:center;\"><div style=\"margin:-5px;--awb-bordersize:0px;\" class=\"fusion-gallery fusion-gallery-container fusion-grid-3 fusion-columns-total-1 fusion-gallery-layout-grid fusion-gallery-1\"><div style=\"padding:5px;\" class=\"fusion-grid-column fusion-gallery-column fusion-gallery-column-3 hover-type-none\"><div class=\"fusion-gallery-image\"><a href=\"https:\/\/ms-vilshofen.de\/wp-content\/uploads\/2024\/04\/Welttag-des-Buches-scaled.jpg\" rel=\"noreferrer\" data-rel=\"iLightbox[gallery_image_1]\" class=\"fusion-lightbox\" target=\"_self\"><img decoding=\"async\" src=\"https:\/\/ms-vilshofen.de\/wp-content\/uploads\/2024\/04\/Welttag-des-Buches-scaled.jpg\" width=\"2560\" height=\"1920\" alt=\"\" title=\"Welttag des Buches\" aria-label=\"Welttag des Buches\" class=\"img-responsive wp-image-1325\" srcset=\"https:\/\/ms-vilshofen.de\/wp-content\/uploads\/2024\/04\/Welttag-des-Buches-200x150.jpg 200w, https:\/\/ms-vilshofen.de\/wp-content\/uploads\/2024\/04\/Welttag-des-Buches-400x300.jpg 400w, https:\/\/ms-vilshofen.de\/wp-content\/uploads\/2024\/04\/Welttag-des-Buches-600x450.jpg 600w, https:\/\/ms-vilshofen.de\/wp-content\/uploads\/2024\/04\/Welttag-des-Buches-800x600.jpg 800w, https:\/\/ms-vilshofen.de\/wp-content\/uploads\/2024\/04\/Welttag-des-Buches-1200x900.jpg 1200w, https:\/\/ms-vilshofen.de\/wp-content\/uploads\/2024\/04\/Welttag-des-Buches-scaled.jpg 2560w\" sizes=\"(min-width: 2200px) 100vw, (min-width: 784px) 397px, (min-width: 712px) 595px, (min-width: 640px) 712px, \" \/><\/a><\/div><\/div><\/div><\/div><\/div><\/div><\/div><\/div><\/p>\n","protected":false},"excerpt":{"rendered":"","protected":false},"author":1,"featured_media":1325,"comment_status":"open","ping_status":"open","sticky":false,"template":"","format":"standard","meta":{"footnotes":""},"categories":[1],"tags":[],"class_list":["post-1327","post","type-post","status-publish","format-standard","has-post-thumbnail","hentry","category-uncategorized"],"_links":{"self":[{"href":"https:\/\/ms-vilshofen.de\/index.php?rest_route=\/wp\/v2\/posts\/1327","targetHints":{"allow":["GET"]}}],"collection":[{"href":"https:\/\/ms-vilshofen.de\/index.php?rest_route=\/wp\/v2\/posts"}],"about":[{"href":"https:\/\/ms-vilshofen.de\/index.php?rest_route=\/wp\/v2\/types\/post"}],"author":[{"embeddable":true,"href":"https:\/\/ms-vilshofen.de\/index.php?rest_route=\/wp\/v2\/users\/1"}],"replies":[{"embeddable":true,"href":"https:\/\/ms-vilshofen.de\/index.php?rest_route=%2Fwp%2Fv2%2Fcomments&post=1327"}],"version-history":[{"count":1,"href":"https:\/\/ms-vilshofen.de\/index.php?rest_route=\/wp\/v2\/posts\/1327\/revisions"}],"predecessor-version":[{"id":1328,"href":"https:\/\/ms-vilshofen.de\/index.php?rest_route=\/wp\/v2\/posts\/1327\/revisions\/1328"}],"wp:featuredmedia":[{"embeddable":true,"href":"https:\/\/ms-vilshofen.de\/index.php?rest_route=\/wp\/v2\/media\/1325"}],"wp:attachment":[{"href":"https:\/\/ms-vilshofen.de\/index.php?rest_route=%2Fwp%2Fv2%2Fmedia&parent=1327"}],"wp:term":[{"taxonomy":"category","embeddable":true,"href":"https:\/\/ms-vilshofen.de\/index.php?rest_route=%2Fwp%2Fv2%2Fcategories&post=1327"},{"taxonomy":"post_tag","embeddable":true,"href":"https:\/\/ms-vilshofen.de\/index.php?rest_route=%2Fwp%2Fv2%2Ftags&post=1327"}],"curies":[{"name":"wp","href":"https:\/\/api.w.org\/{rel}","templated":true}]}}