{"id":1297,"date":"2024-04-16T10:21:53","date_gmt":"2024-04-16T08:21:53","guid":{"rendered":"https:\/\/ms-vilshofen.de\/?p=1297"},"modified":"2024-04-16T10:33:17","modified_gmt":"2024-04-16T08:33:17","slug":"besuch-der-gedenkstaette-dachau","status":"publish","type":"post","link":"https:\/\/ms-vilshofen.de\/?p=1297","title":{"rendered":"Besuch der Gedenkst\u00e4tte Dachau"},"content":{"rendered":"<p><div class=\"fusion-fullwidth fullwidth-box fusion-builder-row-1 fusion-flex-container nonhundred-percent-fullwidth non-hundred-percent-height-scrolling\" style=\"--awb-border-radius-top-left:0px;--awb-border-radius-top-right:0px;--awb-border-radius-bottom-right:0px;--awb-border-radius-bottom-left:0px;--awb-flex-wrap:wrap;\" ><div class=\"fusion-builder-row fusion-row fusion-flex-align-items-flex-start fusion-flex-content-wrap\" style=\"max-width:1248px;margin-left: calc(-4% \/ 2 );margin-right: calc(-4% \/ 2 );\"><div class=\"fusion-layout-column fusion_builder_column fusion-builder-column-0 fusion_builder_column_1_1 1_1 fusion-flex-column\" style=\"--awb-bg-size:cover;--awb-width-large:100%;--awb-margin-top-large:0px;--awb-spacing-right-large:1.92%;--awb-margin-bottom-large:0px;--awb-spacing-left-large:1.92%;--awb-width-medium:100%;--awb-spacing-right-medium:1.92%;--awb-spacing-left-medium:1.92%;--awb-width-small:100%;--awb-spacing-right-small:1.92%;--awb-spacing-left-small:1.92%;\"><div class=\"fusion-column-wrapper fusion-flex-justify-content-flex-start fusion-content-layout-column\"><div class=\"fusion-text fusion-text-1\"><\/div><div class=\"fusion-text fusion-text-2\"><p>Am 18.03.2024 unternahmen die Klassen B 9 der Mittelschule Vilshofen gemeinsam mit den Berufsvorbereitungsklassen Orientierung und Quali des Berufsschulzentrums Vilshofen eine Exkursion zur KZ-Gedenkst\u00e4tte in Dachau. Die Themen 3. Reich und Verfolgung Andersdenkender und Menschen j\u00fcdischer Religion wurden gr\u00fcndlich im Geschichtsunterricht vorbereitet. Das Konzentrationslager in Dachau war mit seiner Gr\u00fcndung 1933 das erste Lager in Deutschland und galt als Modell f\u00fcr die anderen Konzentrationslager auf deutschem Boden. Genau wie das Vernichtungslager in Auschwitz tr\u00e4gt auch das Eingangstor zum Konzentrationslager in Dachau den Schriftzug \u201eArbeit macht frei\u201c.<\/p>\n<p>Zwei Mitarbeiter der Gedenkst\u00e4tte informierten auf sensible Art und Weise die Jugendlichen und Lehrkr\u00e4fte und begleiteten sie \u00fcber das Gel\u00e4nde. Ersch\u00fcttert und traurig zeigten sich die Jugendlichen angesichts der schlimmen Lagerbedingungen, des menschenverachtenden Tonfalls und der grausamen, folternden Strafen, die die Menschen dort erleiden mussten. Erschreckend war auch zu erfahren, mit welcher kaltbl\u00fctigen Systematik der Aufbau des Lagers und die \u201eAusbildung\u201c der Lagerkommandanten erfolgte. Die Ausbildung der Waffen SS, die im Lager eingesetzt wurde, erfolgte direkt in Geb\u00e4uden, die vor den Toren des Gel\u00e4ndes lagen. Unvorstellbar waren die Wohnbedingungen in den \u201eBaracken\u201c, die unmenschlichen Arbeitsbedingungen, die mangelnde Hygiene sowie die unzumutbare Versorgung mit Lebensmitteln. Durch das Betreten der Geb\u00e4ude an Ort und Stelle wurde dies den Jugendlichen ganz besonders bewusst.<\/p>\n<p>Besonders betroffen zeigten sich die Jugendlichen von einem Film, den amerikanische Soldaten bei der Befreiung des Lagers am 29. April 1945 drehten.<\/p>\n<p>Die Mitarbeiter der Gedenkst\u00e4tte nahmen sich viel Zeit f\u00fcr Fragen und Gespr\u00e4che.<\/p>\n<p>Sehr nachdenklich fuhren die Klassen wieder zur\u00fcck nach Vilshofen.<\/p>\n<\/div><\/div><\/div><\/div><\/div><div class=\"fusion-fullwidth fullwidth-box fusion-builder-row-2 fusion-flex-container has-pattern-background has-mask-background nonhundred-percent-fullwidth non-hundred-percent-height-scrolling\" style=\"--awb-border-radius-top-left:0px;--awb-border-radius-top-right:0px;--awb-border-radius-bottom-right:0px;--awb-border-radius-bottom-left:0px;--awb-flex-wrap:wrap;\" ><div class=\"fusion-builder-row fusion-row fusion-flex-align-items-flex-start fusion-flex-content-wrap\" style=\"max-width:1248px;margin-left: calc(-4% \/ 2 );margin-right: calc(-4% \/ 2 );\"><div class=\"fusion-layout-column fusion_builder_column fusion-builder-column-1 fusion_builder_column_1_1 1_1 fusion-flex-column\" style=\"--awb-bg-size:cover;--awb-width-large:100%;--awb-margin-top-large:0px;--awb-spacing-right-large:1.92%;--awb-margin-bottom-large:20px;--awb-spacing-left-large:1.92%;--awb-width-medium:100%;--awb-order-medium:0;--awb-spacing-right-medium:1.92%;--awb-spacing-left-medium:1.92%;--awb-width-small:100%;--awb-order-small:0;--awb-spacing-right-small:1.92%;--awb-spacing-left-small:1.92%;\"><div class=\"fusion-column-wrapper fusion-column-has-shadow fusion-flex-justify-content-flex-start fusion-content-layout-column\"><div class=\"awb-gallery-wrapper awb-gallery-wrapper-1 button-span-no\" style=\"--more-btn-alignment:center;\"><div style=\"margin:-5px;--awb-bordersize:0px;\" class=\"fusion-gallery fusion-gallery-container fusion-grid-3 fusion-columns-total-1 fusion-gallery-layout-grid fusion-gallery-1\"><div style=\"padding:5px;\" class=\"fusion-grid-column fusion-gallery-column fusion-gallery-column-3 hover-type-none\"><div class=\"fusion-gallery-image\"><a href=\"https:\/\/ms-vilshofen.de\/wp-content\/uploads\/2024\/04\/20240318_133622-002-scaled.jpg\" rel=\"noreferrer\" data-rel=\"iLightbox[gallery_image_1]\" class=\"fusion-lightbox\" target=\"_self\"><img decoding=\"async\" src=\"https:\/\/ms-vilshofen.de\/wp-content\/uploads\/2024\/04\/20240318_133622-002-scaled.jpg\" width=\"2560\" height=\"1920\" alt=\"\" title=\"20240318_133622 (002)\" aria-label=\"20240318_133622 (002)\" class=\"img-responsive wp-image-1298\" srcset=\"https:\/\/ms-vilshofen.de\/wp-content\/uploads\/2024\/04\/20240318_133622-002-200x150.jpg 200w, https:\/\/ms-vilshofen.de\/wp-content\/uploads\/2024\/04\/20240318_133622-002-400x300.jpg 400w, https:\/\/ms-vilshofen.de\/wp-content\/uploads\/2024\/04\/20240318_133622-002-600x450.jpg 600w, https:\/\/ms-vilshofen.de\/wp-content\/uploads\/2024\/04\/20240318_133622-002-800x600.jpg 800w, https:\/\/ms-vilshofen.de\/wp-content\/uploads\/2024\/04\/20240318_133622-002-1200x900.jpg 1200w, https:\/\/ms-vilshofen.de\/wp-content\/uploads\/2024\/04\/20240318_133622-002-scaled.jpg 2560w\" sizes=\"(min-width: 2200px) 100vw, (min-width: 784px) 397px, (min-width: 712px) 595px, (min-width: 640px) 712px, \" \/><\/a><\/div><\/div><\/div><\/div><\/div><\/div><\/div><\/div><\/p>\n","protected":false},"excerpt":{"rendered":"","protected":false},"author":1,"featured_media":1298,"comment_status":"open","ping_status":"open","sticky":false,"template":"","format":"standard","meta":{"footnotes":""},"categories":[1],"tags":[],"class_list":["post-1297","post","type-post","status-publish","format-standard","has-post-thumbnail","hentry","category-uncategorized"],"_links":{"self":[{"href":"https:\/\/ms-vilshofen.de\/index.php?rest_route=\/wp\/v2\/posts\/1297","targetHints":{"allow":["GET"]}}],"collection":[{"href":"https:\/\/ms-vilshofen.de\/index.php?rest_route=\/wp\/v2\/posts"}],"about":[{"href":"https:\/\/ms-vilshofen.de\/index.php?rest_route=\/wp\/v2\/types\/post"}],"author":[{"embeddable":true,"href":"https:\/\/ms-vilshofen.de\/index.php?rest_route=\/wp\/v2\/users\/1"}],"replies":[{"embeddable":true,"href":"https:\/\/ms-vilshofen.de\/index.php?rest_route=%2Fwp%2Fv2%2Fcomments&post=1297"}],"version-history":[{"count":2,"href":"https:\/\/ms-vilshofen.de\/index.php?rest_route=\/wp\/v2\/posts\/1297\/revisions"}],"predecessor-version":[{"id":1300,"href":"https:\/\/ms-vilshofen.de\/index.php?rest_route=\/wp\/v2\/posts\/1297\/revisions\/1300"}],"wp:featuredmedia":[{"embeddable":true,"href":"https:\/\/ms-vilshofen.de\/index.php?rest_route=\/wp\/v2\/media\/1298"}],"wp:attachment":[{"href":"https:\/\/ms-vilshofen.de\/index.php?rest_route=%2Fwp%2Fv2%2Fmedia&parent=1297"}],"wp:term":[{"taxonomy":"category","embeddable":true,"href":"https:\/\/ms-vilshofen.de\/index.php?rest_route=%2Fwp%2Fv2%2Fcategories&post=1297"},{"taxonomy":"post_tag","embeddable":true,"href":"https:\/\/ms-vilshofen.de\/index.php?rest_route=%2Fwp%2Fv2%2Ftags&post=1297"}],"curies":[{"name":"wp","href":"https:\/\/api.w.org\/{rel}","templated":true}]}}